{"id":8170,"date":"2022-06-17T17:58:20","date_gmt":"2022-06-17T15:58:20","guid":{"rendered":"https:\/\/nuovasimonelli.com\/news\/nuova-simonelli-au-world-of-coffee-milan-2022\/"},"modified":"2022-06-17T17:58:20","modified_gmt":"2022-06-17T15:58:20","slug":"nuova-simonelli-au-world-of-coffee-milan-2022","status":"publish","type":"news","link":"https:\/\/nuovasimonelli.com\/fr\/news\/nuova-simonelli-au-world-of-coffee-milan-2022\/","title":{"rendered":"Nuova Simonelli au World of Coffee Milan 2022"},"featured_media":8171,"template":"","meta":{"_acf_changed":false,"inline_featured_image":false},"news_category":[],"class_list":["post-8170","news","type-news","status-publish","has-post-thumbnail","hentry"],"acf":{"story_content_blocks":[{"acf_fc_layout":"images","gallery":[{"ID":5491,"id":5491,"title":"NS-LK-cover-WOC","filename":"NS-LK-cover-WOC.png","filesize":141685,"url":"https:\/\/nuovasimonelli.com\/wp-content\/uploads\/sites\/2\/2022\/06\/NS-LK-cover-WOC.png","link":"https:\/\/nuovasimonelli.com\/fr\/ns-lk-cover-woc\/","alt":"","author":"1","description":"","caption":"","name":"ns-lk-cover-woc","status":"inherit","uploaded_to":0,"date":"2022-06-17 16:24:52","modified":"2022-06-17 16:24:52","menu_order":0,"mime_type":"image\/png","type":"image","subtype":"png","icon":"https:\/\/nuovasimonelli.com\/wp-includes\/images\/media\/default.png","width":1128,"height":191,"sizes":{"thumbnail":"https:\/\/nuovasimonelli.com\/wp-content\/uploads\/sites\/2\/2022\/06\/NS-LK-cover-WOC-150x150.png","thumbnail-width":150,"thumbnail-height":150,"medium":"https:\/\/nuovasimonelli.com\/wp-content\/uploads\/sites\/2\/2022\/06\/NS-LK-cover-WOC-300x51.png","medium-width":300,"medium-height":51,"medium_large":"https:\/\/nuovasimonelli.com\/wp-content\/uploads\/sites\/2\/2022\/06\/NS-LK-cover-WOC-768x130.png","medium_large-width":768,"medium_large-height":130,"large":"https:\/\/nuovasimonelli.com\/wp-content\/uploads\/sites\/2\/2022\/06\/NS-LK-cover-WOC-1024x173.png","large-width":1024,"large-height":173,"1536x1536":"https:\/\/nuovasimonelli.com\/wp-content\/uploads\/sites\/2\/2022\/06\/NS-LK-cover-WOC.png","1536x1536-width":1128,"1536x1536-height":191,"2048x2048":"https:\/\/nuovasimonelli.com\/wp-content\/uploads\/sites\/2\/2022\/06\/NS-LK-cover-WOC.png","2048x2048-width":1128,"2048x2048-height":191}}]},{"acf_fc_layout":"text","description":"<p>Nous sommes pr\u00e9sents au World of Coffee Milan 2022 du 23 au 25 juin, <strong>Hall 3 stand D10<\/strong>.<\/p>\n<p>Nous pr\u00e9senterons des nouveaut\u00e9s exclusives dans le monde Nuova Simonelli, venez les d\u00e9couvrir !<\/p>\n<p>Suivez-nous sur <strong><a href=\"https:\/\/www.instagram.com\/nuovasimonelliofficial\/\">@nuovasimonelliofficial<\/a><\/strong> pour plus de d\u00e9tails.<\/p>\n"}]},"yoast_head":"<!-- This site is optimized with the Yoast SEO plugin v27.5 - https:\/\/yoast.com\/product\/yoast-seo-wordpress\/ -->\n<title>Nuova Simonelli au World of Coffee Milan 2022 - Nuova Simonelli<\/title>\n<meta name=\"description\" content=\"Nous sommes pr\u00e9sents au World of Coffee Milan 2022 du 23 au 25 juin, Hall 3 stand D10. Nous pr\u00e9senterons des nouveaut\u00e9s exclusives dans le monde...\" \/>\n<meta name=\"robots\" content=\"index, follow, max-snippet:-1, max-image-preview:large, max-video-preview:-1\" \/>\n<link rel=\"canonical\" href=\"https:\/\/nuovasimonelli.com\/fr\/news\/nuova-simonelli-au-world-of-coffee-milan-2022\/\" \/>\n<meta property=\"og:locale\" content=\"fr_FR\" \/>\n<meta property=\"og:type\" content=\"article\" \/>\n<meta property=\"og:title\" content=\"Nuova Simonelli au World of Coffee Milan 2022 - Nuova Simonelli\" \/>\n<meta property=\"og:description\" content=\"Nous sommes pr\u00e9sents au World of Coffee Milan 2022 du 23 au 25 juin, Hall 3 stand D10. Nous pr\u00e9senterons des nouveaut\u00e9s exclusives dans le monde...\" \/>\n<meta property=\"og:url\" content=\"https:\/\/nuovasimonelli.com\/fr\/news\/nuova-simonelli-au-world-of-coffee-milan-2022\/\" \/>\n<meta property=\"og:site_name\" content=\"Nuova Simonelli\" \/>\n<meta property=\"og:image\" content=\"https:\/\/nuovasimonelli.com\/wp-content\/uploads\/sites\/2\/2022\/06\/nsofficial-presenza-woc.png\" \/>\n\t<meta property=\"og:image:width\" content=\"1080\" \/>\n\t<meta property=\"og:image:height\" content=\"1080\" \/>\n\t<meta property=\"og:image:type\" content=\"image\/png\" \/>\n<meta name=\"twitter:card\" content=\"summary_large_image\" \/>\n<script type=\"application\/ld+json\" class=\"yoast-schema-graph\">{\"@context\":\"https:\\\/\\\/schema.org\",\"@graph\":[{\"@type\":\"WebPage\",\"@id\":\"https:\\\/\\\/nuovasimonelli.com\\\/fr\\\/news\\\/nuova-simonelli-au-world-of-coffee-milan-2022\\\/\",\"url\":\"https:\\\/\\\/nuovasimonelli.com\\\/fr\\\/news\\\/nuova-simonelli-au-world-of-coffee-milan-2022\\\/\",\"name\":\"Nuova Simonelli au World of Coffee Milan 2022 - Nuova Simonelli\",\"isPartOf\":{\"@id\":\"https:\\\/\\\/nuovasimonelli.com\\\/fr\\\/#website\"},\"primaryImageOfPage\":{\"@id\":\"https:\\\/\\\/nuovasimonelli.com\\\/fr\\\/news\\\/nuova-simonelli-au-world-of-coffee-milan-2022\\\/#primaryimage\"},\"image\":{\"@id\":\"https:\\\/\\\/nuovasimonelli.com\\\/fr\\\/news\\\/nuova-simonelli-au-world-of-coffee-milan-2022\\\/#primaryimage\"},\"thumbnailUrl\":\"https:\\\/\\\/nuovasimonelli.com\\\/wp-content\\\/uploads\\\/sites\\\/2\\\/2022\\\/06\\\/nsofficial-presenza-woc.png\",\"datePublished\":\"2022-06-17T15:58:20+00:00\",\"description\":\"Nous sommes pr\u00e9sents au World of Coffee Milan 2022 du 23 au 25 juin, Hall 3 stand D10. Nous pr\u00e9senterons des nouveaut\u00e9s exclusives dans le monde...\",\"breadcrumb\":{\"@id\":\"https:\\\/\\\/nuovasimonelli.com\\\/fr\\\/news\\\/nuova-simonelli-au-world-of-coffee-milan-2022\\\/#breadcrumb\"},\"inLanguage\":\"fr-FR\",\"potentialAction\":[{\"@type\":\"ReadAction\",\"target\":[\"https:\\\/\\\/nuovasimonelli.com\\\/fr\\\/news\\\/nuova-simonelli-au-world-of-coffee-milan-2022\\\/\"]}]},{\"@type\":\"ImageObject\",\"inLanguage\":\"fr-FR\",\"@id\":\"https:\\\/\\\/nuovasimonelli.com\\\/fr\\\/news\\\/nuova-simonelli-au-world-of-coffee-milan-2022\\\/#primaryimage\",\"url\":\"https:\\\/\\\/nuovasimonelli.com\\\/wp-content\\\/uploads\\\/sites\\\/2\\\/2022\\\/06\\\/nsofficial-presenza-woc.png\",\"contentUrl\":\"https:\\\/\\\/nuovasimonelli.com\\\/wp-content\\\/uploads\\\/sites\\\/2\\\/2022\\\/06\\\/nsofficial-presenza-woc.png\",\"width\":1080,\"height\":1080},{\"@type\":\"BreadcrumbList\",\"@id\":\"https:\\\/\\\/nuovasimonelli.com\\\/fr\\\/news\\\/nuova-simonelli-au-world-of-coffee-milan-2022\\\/#breadcrumb\",\"itemListElement\":[{\"@type\":\"ListItem\",\"position\":1,\"name\":\"Home\",\"item\":\"https:\\\/\\\/nuovasimonelli.com\\\/fr\\\/\"},{\"@type\":\"ListItem\",\"position\":2,\"name\":\"News\",\"item\":\"https:\\\/\\\/nuovasimonelli.com\\\/fr\\\/news\\\/\"},{\"@type\":\"ListItem\",\"position\":3,\"name\":\"Nuova Simonelli au World of Coffee Milan 2022\"}]},{\"@type\":\"WebSite\",\"@id\":\"https:\\\/\\\/nuovasimonelli.com\\\/fr\\\/#website\",\"url\":\"https:\\\/\\\/nuovasimonelli.com\\\/fr\\\/\",\"name\":\"Nuova Simonelli\",\"description\":\"\",\"potentialAction\":[{\"@type\":\"SearchAction\",\"target\":{\"@type\":\"EntryPoint\",\"urlTemplate\":\"https:\\\/\\\/nuovasimonelli.com\\\/fr\\\/?s={search_term_string}\"},\"query-input\":{\"@type\":\"PropertyValueSpecification\",\"valueRequired\":true,\"valueName\":\"search_term_string\"}}],\"inLanguage\":\"fr-FR\"}]}<\/script>\n<!-- \/ Yoast SEO plugin. -->","yoast_head_json":{"title":"Nuova Simonelli au World of Coffee Milan 2022 - Nuova Simonelli","description":"Nous sommes pr\u00e9sents au World of Coffee Milan 2022 du 23 au 25 juin, Hall 3 stand D10. Nous pr\u00e9senterons des nouveaut\u00e9s exclusives dans le monde...","robots":{"index":"index","follow":"follow","max-snippet":"max-snippet:-1","max-image-preview":"max-image-preview:large","max-video-preview":"max-video-preview:-1"},"canonical":"https:\/\/nuovasimonelli.com\/fr\/news\/nuova-simonelli-au-world-of-coffee-milan-2022\/","og_locale":"fr_FR","og_type":"article","og_title":"Nuova Simonelli au World of Coffee Milan 2022 - Nuova Simonelli","og_description":"Nous sommes pr\u00e9sents au World of Coffee Milan 2022 du 23 au 25 juin, Hall 3 stand D10. Nous pr\u00e9senterons des nouveaut\u00e9s exclusives dans le monde...","og_url":"https:\/\/nuovasimonelli.com\/fr\/news\/nuova-simonelli-au-world-of-coffee-milan-2022\/","og_site_name":"Nuova Simonelli","og_image":[{"width":1080,"height":1080,"url":"https:\/\/nuovasimonelli.com\/wp-content\/uploads\/sites\/2\/2022\/06\/nsofficial-presenza-woc.png","type":"image\/png"}],"twitter_card":"summary_large_image","schema":{"@context":"https:\/\/schema.org","@graph":[{"@type":"WebPage","@id":"https:\/\/nuovasimonelli.com\/fr\/news\/nuova-simonelli-au-world-of-coffee-milan-2022\/","url":"https:\/\/nuovasimonelli.com\/fr\/news\/nuova-simonelli-au-world-of-coffee-milan-2022\/","name":"Nuova Simonelli au World of Coffee Milan 2022 - Nuova Simonelli","isPartOf":{"@id":"https:\/\/nuovasimonelli.com\/fr\/#website"},"primaryImageOfPage":{"@id":"https:\/\/nuovasimonelli.com\/fr\/news\/nuova-simonelli-au-world-of-coffee-milan-2022\/#primaryimage"},"image":{"@id":"https:\/\/nuovasimonelli.com\/fr\/news\/nuova-simonelli-au-world-of-coffee-milan-2022\/#primaryimage"},"thumbnailUrl":"https:\/\/nuovasimonelli.com\/wp-content\/uploads\/sites\/2\/2022\/06\/nsofficial-presenza-woc.png","datePublished":"2022-06-17T15:58:20+00:00","description":"Nous sommes pr\u00e9sents au World of Coffee Milan 2022 du 23 au 25 juin, Hall 3 stand D10. Nous pr\u00e9senterons des nouveaut\u00e9s exclusives dans le monde...","breadcrumb":{"@id":"https:\/\/nuovasimonelli.com\/fr\/news\/nuova-simonelli-au-world-of-coffee-milan-2022\/#breadcrumb"},"inLanguage":"fr-FR","potentialAction":[{"@type":"ReadAction","target":["https:\/\/nuovasimonelli.com\/fr\/news\/nuova-simonelli-au-world-of-coffee-milan-2022\/"]}]},{"@type":"ImageObject","inLanguage":"fr-FR","@id":"https:\/\/nuovasimonelli.com\/fr\/news\/nuova-simonelli-au-world-of-coffee-milan-2022\/#primaryimage","url":"https:\/\/nuovasimonelli.com\/wp-content\/uploads\/sites\/2\/2022\/06\/nsofficial-presenza-woc.png","contentUrl":"https:\/\/nuovasimonelli.com\/wp-content\/uploads\/sites\/2\/2022\/06\/nsofficial-presenza-woc.png","width":1080,"height":1080},{"@type":"BreadcrumbList","@id":"https:\/\/nuovasimonelli.com\/fr\/news\/nuova-simonelli-au-world-of-coffee-milan-2022\/#breadcrumb","itemListElement":[{"@type":"ListItem","position":1,"name":"Home","item":"https:\/\/nuovasimonelli.com\/fr\/"},{"@type":"ListItem","position":2,"name":"News","item":"https:\/\/nuovasimonelli.com\/fr\/news\/"},{"@type":"ListItem","position":3,"name":"Nuova Simonelli au World of Coffee Milan 2022"}]},{"@type":"WebSite","@id":"https:\/\/nuovasimonelli.com\/fr\/#website","url":"https:\/\/nuovasimonelli.com\/fr\/","name":"Nuova Simonelli","description":"","potentialAction":[{"@type":"SearchAction","target":{"@type":"EntryPoint","urlTemplate":"https:\/\/nuovasimonelli.com\/fr\/?s={search_term_string}"},"query-input":{"@type":"PropertyValueSpecification","valueRequired":true,"valueName":"search_term_string"}}],"inLanguage":"fr-FR"}]}},"_links":{"self":[{"href":"https:\/\/nuovasimonelli.com\/fr\/wp-json\/wp\/v2\/news\/8170","targetHints":{"allow":["GET"]}}],"collection":[{"href":"https:\/\/nuovasimonelli.com\/fr\/wp-json\/wp\/v2\/news"}],"about":[{"href":"https:\/\/nuovasimonelli.com\/fr\/wp-json\/wp\/v2\/types\/news"}],"wp:featuredmedia":[{"embeddable":true,"href":"https:\/\/nuovasimonelli.com\/fr\/wp-json\/wp\/v2\/media\/8171"}],"wp:attachment":[{"href":"https:\/\/nuovasimonelli.com\/fr\/wp-json\/wp\/v2\/media?parent=8170"}],"wp:term":[{"taxonomy":"news_category","embeddable":true,"href":"https:\/\/nuovasimonelli.com\/fr\/wp-json\/wp\/v2\/news_category?post=8170"}],"curies":[{"name":"wp","href":"https:\/\/api.w.org\/{rel}","templated":true}]}}