{"id":8100,"date":"2024-01-31T09:00:46","date_gmt":"2024-01-31T08:00:46","guid":{"rendered":"https:\/\/nuovasimonelli.com\/news\/la-premiere-allemande-de-la-nuova-aurelia-a-intergastra\/"},"modified":"2024-01-31T09:00:46","modified_gmt":"2024-01-31T08:00:46","slug":"la-premiere-allemande-de-la-nuova-aurelia-a-intergastra","status":"publish","type":"news","link":"https:\/\/nuovasimonelli.com\/fr\/news\/la-premiere-allemande-de-la-nuova-aurelia-a-intergastra\/","title":{"rendered":"La premi\u00e8re allemande de la NUOVA Aurelia \u00e0 Intergastra"},"featured_media":8102,"template":"","meta":{"_acf_changed":false,"inline_featured_image":false},"news_category":[],"class_list":["post-8100","news","type-news","status-publish","has-post-thumbnail","hentry"],"acf":{"story_content_blocks":[{"acf_fc_layout":"text","description":"<p>Ne manquez pas l&rsquo;occasion de participer \u00e0 la premi\u00e8re de la <a href=\"https:\/\/nuovasimonelli.com\/fr\/machine\/nuova-aurelia\/nuovaaurelia\/\"><u>Nuova Aurelia<\/u><\/a> \u00e0 <strong>Intergastra<\/strong> !<br \/>\nDu 3 au 7 f\u00e9vrier, Nuova Simonelli sera pr\u00e9sent \u00e0 Intergastra sur le <strong>stand 8C56<\/strong>, pr\u00e9sentant ses derni\u00e8res innovations.<\/p>\n"},{"acf_fc_layout":"text","description":"<p>Le salon professionnel sera riche en nouveaux produits et solutions pour les cha\u00eenes, torr\u00e9facteurs et restaurants. Les projecteurs seront braqu\u00e9s sur le dernier-n\u00e9 de la marque Nuova Simonelli, la <a href=\"https:\/\/nuovasimonelli.com\/fr\/machine\/nuova-aurelia\/nuovaaurelia\/\"><u>Nuova Aurelia<\/u><\/a>, une machine \u00e0 caf\u00e9 expresso qui offre un <strong>flux de travail fluide<\/strong> gr\u00e2ce \u00e0 sa technologie r\u00e9active, sa haute productivit\u00e9 et ses r\u00e9sultats constants. <\/p>\n<p>Avec la <strong><a href=\"https:\/\/nuovasimonelli.com\/fr\/machine\/nuova-aurelia\/nuovaaurelia\/\"><u>Nuova Aurelia<\/u><\/a><\/strong>, chaque \u00e9tape de la pr\u00e9paration des boissons peut \u00eatre automatis\u00e9e et param\u00e9tr\u00e9e pour atteindre les standards souhait\u00e9s, gr\u00e2ce \u00e0 des technologies innovantes et de nouvelles solutions qui acc\u00e9l\u00e8rent les op\u00e9rations. La Nuova Aurelia est une machine con\u00e7ue pour offrir performance, productivit\u00e9 et simplicit\u00e9, perfectionnant ainsi et automatisant le flux de travail des cha\u00eenes, torr\u00e9facteurs et restaurants orient\u00e9s caf\u00e9 et non-caf\u00e9 qui n\u00e9cessitent un outil polyvalent pouvant contribuer \u00e0 la croissance de leur activit\u00e9. <\/p>\n<p>Le stand Nuova Simonelli pr\u00e9sentera \u00e9galement l&rsquo;<strong><u><a href=\"https:\/\/nuovasimonelli.com\/appialife\/\">Appia Life<\/a><\/u><\/strong><strong>,<\/strong> une machine \u00e0 expresso facile \u00e0 utiliser qui garantit des r\u00e9sultats constants avec diff\u00e9rents niveaux de productivit\u00e9. La simplicit\u00e9 et la fiabilit\u00e9 de l&rsquo;Appia Life continuent de s\u00e9duire les torr\u00e9facteurs, les cha\u00eenes et les entreprises du monde entier. L&rsquo;Appia Life est une machine con\u00e7ue pour tous ceux qui ont besoin d&rsquo;un produit simple et fiable permettant m\u00eame au barista le moins exp\u00e9riment\u00e9 d&rsquo;offrir en toute confiance une excellente boisson. C&rsquo;est \u00e9galement une ressource id\u00e9ale pour les grandes entreprises, les cha\u00eenes et les commerces qui doivent produire un grand nombre d&rsquo;excellents caf\u00e9s tout en gardant un \u0153il attentif sur la durabilit\u00e9 \u00e9conomique.   <\/p>\n<p><strong>Nuova Simonelli<\/strong>, mondialement reconnu pour ses machines \u00e0 expresso professionnelles technologiquement avanc\u00e9es et faciles \u00e0 utiliser, vous attend sur le <strong>stand 8C56 d&rsquo;Intergastra<\/strong>.<\/p>\n<p>Restez inform\u00e9 des \u00e9v\u00e9nements et actualit\u00e9s de Nuova Simonelli en suivant la page Instagram<strong> <u><a href=\"https:\/\/www.instagram.com\/nuovasimonelliofficial\/\">@nuovasimonelliofficial<\/a><\/u><\/strong><\/p>\n"}]},"yoast_head":"<!-- This site is optimized with the Yoast SEO plugin v27.5 - https:\/\/yoast.com\/product\/yoast-seo-wordpress\/ -->\n<title>La premi\u00e8re allemande de la NUOVA Aurelia \u00e0 Intergastra - Nuova Simonelli<\/title>\n<meta name=\"description\" content=\"Ne manquez pas l\u2019occasion de participer \u00e0 la premi\u00e8re de la Nuova Aurelia \u00e0 Intergastra ! Du 3 au 7 f\u00e9vrier, Nuova Simonelli sera pr\u00e9sent \u00e0...\" \/>\n<meta name=\"robots\" content=\"index, follow, max-snippet:-1, max-image-preview:large, max-video-preview:-1\" \/>\n<link rel=\"canonical\" href=\"https:\/\/nuovasimonelli.com\/fr\/news\/la-premiere-allemande-de-la-nuova-aurelia-a-intergastra\/\" \/>\n<meta property=\"og:locale\" content=\"fr_FR\" \/>\n<meta property=\"og:type\" content=\"article\" \/>\n<meta property=\"og:title\" content=\"La premi\u00e8re allemande de la NUOVA Aurelia \u00e0 Intergastra - Nuova Simonelli\" \/>\n<meta property=\"og:description\" content=\"Ne manquez pas l\u2019occasion de participer \u00e0 la premi\u00e8re de la Nuova Aurelia \u00e0 Intergastra ! Du 3 au 7 f\u00e9vrier, Nuova Simonelli sera pr\u00e9sent \u00e0...\" \/>\n<meta property=\"og:url\" content=\"https:\/\/nuovasimonelli.com\/fr\/news\/la-premiere-allemande-de-la-nuova-aurelia-a-intergastra\/\" \/>\n<meta property=\"og:site_name\" content=\"Nuova Simonelli\" \/>\n<meta property=\"og:image\" content=\"https:\/\/nuovasimonelli.com\/wp-content\/uploads\/sites\/2\/2024\/01\/intergastra-NS-news-1.png\" \/>\n\t<meta property=\"og:image:width\" content=\"1080\" \/>\n\t<meta property=\"og:image:height\" content=\"1207\" \/>\n\t<meta property=\"og:image:type\" content=\"image\/png\" \/>\n<meta name=\"twitter:card\" content=\"summary_large_image\" \/>\n<script type=\"application\/ld+json\" class=\"yoast-schema-graph\">{\"@context\":\"https:\\\/\\\/schema.org\",\"@graph\":[{\"@type\":\"WebPage\",\"@id\":\"https:\\\/\\\/nuovasimonelli.com\\\/fr\\\/news\\\/la-premiere-allemande-de-la-nuova-aurelia-a-intergastra\\\/\",\"url\":\"https:\\\/\\\/nuovasimonelli.com\\\/fr\\\/news\\\/la-premiere-allemande-de-la-nuova-aurelia-a-intergastra\\\/\",\"name\":\"La premi\u00e8re allemande de la NUOVA Aurelia \u00e0 Intergastra - Nuova Simonelli\",\"isPartOf\":{\"@id\":\"https:\\\/\\\/nuovasimonelli.com\\\/fr\\\/#website\"},\"primaryImageOfPage\":{\"@id\":\"https:\\\/\\\/nuovasimonelli.com\\\/fr\\\/news\\\/la-premiere-allemande-de-la-nuova-aurelia-a-intergastra\\\/#primaryimage\"},\"image\":{\"@id\":\"https:\\\/\\\/nuovasimonelli.com\\\/fr\\\/news\\\/la-premiere-allemande-de-la-nuova-aurelia-a-intergastra\\\/#primaryimage\"},\"thumbnailUrl\":\"https:\\\/\\\/nuovasimonelli.com\\\/wp-content\\\/uploads\\\/sites\\\/2\\\/2024\\\/01\\\/intergastra-NS-news-1.png\",\"datePublished\":\"2024-01-31T08:00:46+00:00\",\"description\":\"Ne manquez pas l\u2019occasion de participer \u00e0 la premi\u00e8re de la Nuova Aurelia \u00e0 Intergastra ! Du 3 au 7 f\u00e9vrier, Nuova Simonelli sera pr\u00e9sent \u00e0...\",\"breadcrumb\":{\"@id\":\"https:\\\/\\\/nuovasimonelli.com\\\/fr\\\/news\\\/la-premiere-allemande-de-la-nuova-aurelia-a-intergastra\\\/#breadcrumb\"},\"inLanguage\":\"fr-FR\",\"potentialAction\":[{\"@type\":\"ReadAction\",\"target\":[\"https:\\\/\\\/nuovasimonelli.com\\\/fr\\\/news\\\/la-premiere-allemande-de-la-nuova-aurelia-a-intergastra\\\/\"]}]},{\"@type\":\"ImageObject\",\"inLanguage\":\"fr-FR\",\"@id\":\"https:\\\/\\\/nuovasimonelli.com\\\/fr\\\/news\\\/la-premiere-allemande-de-la-nuova-aurelia-a-intergastra\\\/#primaryimage\",\"url\":\"https:\\\/\\\/nuovasimonelli.com\\\/wp-content\\\/uploads\\\/sites\\\/2\\\/2024\\\/01\\\/intergastra-NS-news-1.png\",\"contentUrl\":\"https:\\\/\\\/nuovasimonelli.com\\\/wp-content\\\/uploads\\\/sites\\\/2\\\/2024\\\/01\\\/intergastra-NS-news-1.png\",\"width\":1080,\"height\":1207},{\"@type\":\"BreadcrumbList\",\"@id\":\"https:\\\/\\\/nuovasimonelli.com\\\/fr\\\/news\\\/la-premiere-allemande-de-la-nuova-aurelia-a-intergastra\\\/#breadcrumb\",\"itemListElement\":[{\"@type\":\"ListItem\",\"position\":1,\"name\":\"Home\",\"item\":\"https:\\\/\\\/nuovasimonelli.com\\\/fr\\\/\"},{\"@type\":\"ListItem\",\"position\":2,\"name\":\"News\",\"item\":\"https:\\\/\\\/nuovasimonelli.com\\\/fr\\\/news\\\/\"},{\"@type\":\"ListItem\",\"position\":3,\"name\":\"La premi\u00e8re allemande de la NUOVA Aurelia \u00e0 Intergastra\"}]},{\"@type\":\"WebSite\",\"@id\":\"https:\\\/\\\/nuovasimonelli.com\\\/fr\\\/#website\",\"url\":\"https:\\\/\\\/nuovasimonelli.com\\\/fr\\\/\",\"name\":\"Nuova Simonelli\",\"description\":\"\",\"potentialAction\":[{\"@type\":\"SearchAction\",\"target\":{\"@type\":\"EntryPoint\",\"urlTemplate\":\"https:\\\/\\\/nuovasimonelli.com\\\/fr\\\/?s={search_term_string}\"},\"query-input\":{\"@type\":\"PropertyValueSpecification\",\"valueRequired\":true,\"valueName\":\"search_term_string\"}}],\"inLanguage\":\"fr-FR\"}]}<\/script>\n<!-- \/ Yoast SEO plugin. -->","yoast_head_json":{"title":"La premi\u00e8re allemande de la NUOVA Aurelia \u00e0 Intergastra - Nuova Simonelli","description":"Ne manquez pas l\u2019occasion de participer \u00e0 la premi\u00e8re de la Nuova Aurelia \u00e0 Intergastra ! Du 3 au 7 f\u00e9vrier, Nuova Simonelli sera pr\u00e9sent \u00e0...","robots":{"index":"index","follow":"follow","max-snippet":"max-snippet:-1","max-image-preview":"max-image-preview:large","max-video-preview":"max-video-preview:-1"},"canonical":"https:\/\/nuovasimonelli.com\/fr\/news\/la-premiere-allemande-de-la-nuova-aurelia-a-intergastra\/","og_locale":"fr_FR","og_type":"article","og_title":"La premi\u00e8re allemande de la NUOVA Aurelia \u00e0 Intergastra - Nuova Simonelli","og_description":"Ne manquez pas l\u2019occasion de participer \u00e0 la premi\u00e8re de la Nuova Aurelia \u00e0 Intergastra ! Du 3 au 7 f\u00e9vrier, Nuova Simonelli sera pr\u00e9sent \u00e0...","og_url":"https:\/\/nuovasimonelli.com\/fr\/news\/la-premiere-allemande-de-la-nuova-aurelia-a-intergastra\/","og_site_name":"Nuova Simonelli","og_image":[{"width":1080,"height":1207,"url":"https:\/\/nuovasimonelli.com\/wp-content\/uploads\/sites\/2\/2024\/01\/intergastra-NS-news-1.png","type":"image\/png"}],"twitter_card":"summary_large_image","schema":{"@context":"https:\/\/schema.org","@graph":[{"@type":"WebPage","@id":"https:\/\/nuovasimonelli.com\/fr\/news\/la-premiere-allemande-de-la-nuova-aurelia-a-intergastra\/","url":"https:\/\/nuovasimonelli.com\/fr\/news\/la-premiere-allemande-de-la-nuova-aurelia-a-intergastra\/","name":"La premi\u00e8re allemande de la NUOVA Aurelia \u00e0 Intergastra - Nuova Simonelli","isPartOf":{"@id":"https:\/\/nuovasimonelli.com\/fr\/#website"},"primaryImageOfPage":{"@id":"https:\/\/nuovasimonelli.com\/fr\/news\/la-premiere-allemande-de-la-nuova-aurelia-a-intergastra\/#primaryimage"},"image":{"@id":"https:\/\/nuovasimonelli.com\/fr\/news\/la-premiere-allemande-de-la-nuova-aurelia-a-intergastra\/#primaryimage"},"thumbnailUrl":"https:\/\/nuovasimonelli.com\/wp-content\/uploads\/sites\/2\/2024\/01\/intergastra-NS-news-1.png","datePublished":"2024-01-31T08:00:46+00:00","description":"Ne manquez pas l\u2019occasion de participer \u00e0 la premi\u00e8re de la Nuova Aurelia \u00e0 Intergastra ! Du 3 au 7 f\u00e9vrier, Nuova Simonelli sera pr\u00e9sent \u00e0...","breadcrumb":{"@id":"https:\/\/nuovasimonelli.com\/fr\/news\/la-premiere-allemande-de-la-nuova-aurelia-a-intergastra\/#breadcrumb"},"inLanguage":"fr-FR","potentialAction":[{"@type":"ReadAction","target":["https:\/\/nuovasimonelli.com\/fr\/news\/la-premiere-allemande-de-la-nuova-aurelia-a-intergastra\/"]}]},{"@type":"ImageObject","inLanguage":"fr-FR","@id":"https:\/\/nuovasimonelli.com\/fr\/news\/la-premiere-allemande-de-la-nuova-aurelia-a-intergastra\/#primaryimage","url":"https:\/\/nuovasimonelli.com\/wp-content\/uploads\/sites\/2\/2024\/01\/intergastra-NS-news-1.png","contentUrl":"https:\/\/nuovasimonelli.com\/wp-content\/uploads\/sites\/2\/2024\/01\/intergastra-NS-news-1.png","width":1080,"height":1207},{"@type":"BreadcrumbList","@id":"https:\/\/nuovasimonelli.com\/fr\/news\/la-premiere-allemande-de-la-nuova-aurelia-a-intergastra\/#breadcrumb","itemListElement":[{"@type":"ListItem","position":1,"name":"Home","item":"https:\/\/nuovasimonelli.com\/fr\/"},{"@type":"ListItem","position":2,"name":"News","item":"https:\/\/nuovasimonelli.com\/fr\/news\/"},{"@type":"ListItem","position":3,"name":"La premi\u00e8re allemande de la NUOVA Aurelia \u00e0 Intergastra"}]},{"@type":"WebSite","@id":"https:\/\/nuovasimonelli.com\/fr\/#website","url":"https:\/\/nuovasimonelli.com\/fr\/","name":"Nuova Simonelli","description":"","potentialAction":[{"@type":"SearchAction","target":{"@type":"EntryPoint","urlTemplate":"https:\/\/nuovasimonelli.com\/fr\/?s={search_term_string}"},"query-input":{"@type":"PropertyValueSpecification","valueRequired":true,"valueName":"search_term_string"}}],"inLanguage":"fr-FR"}]}},"_links":{"self":[{"href":"https:\/\/nuovasimonelli.com\/fr\/wp-json\/wp\/v2\/news\/8100","targetHints":{"allow":["GET"]}}],"collection":[{"href":"https:\/\/nuovasimonelli.com\/fr\/wp-json\/wp\/v2\/news"}],"about":[{"href":"https:\/\/nuovasimonelli.com\/fr\/wp-json\/wp\/v2\/types\/news"}],"wp:featuredmedia":[{"embeddable":true,"href":"https:\/\/nuovasimonelli.com\/fr\/wp-json\/wp\/v2\/media\/8102"}],"wp:attachment":[{"href":"https:\/\/nuovasimonelli.com\/fr\/wp-json\/wp\/v2\/media?parent=8100"}],"wp:term":[{"taxonomy":"news_category","embeddable":true,"href":"https:\/\/nuovasimonelli.com\/fr\/wp-json\/wp\/v2\/news_category?post=8100"}],"curies":[{"name":"wp","href":"https:\/\/api.w.org\/{rel}","templated":true}]}}