{"id":10541,"date":"2025-10-08T13:48:11","date_gmt":"2025-10-08T11:48:11","guid":{"rendered":"https:\/\/nuovasimonelli.com\/?post_type=news&#038;p=10541"},"modified":"2025-12-04T16:26:30","modified_gmt":"2025-12-04T15:26:30","slug":"appia-fete-ses-20-ans-le-cafe-professionnel-a-la-portee-de-tous","status":"publish","type":"news","link":"https:\/\/nuovasimonelli.com\/fr\/news\/appia-fete-ses-20-ans-le-cafe-professionnel-a-la-portee-de-tous\/","title":{"rendered":"Appia f\u00eate ses 20 ans : le caf\u00e9 professionnel \u00e0 la port\u00e9e de tous"},"featured_media":10947,"template":"","meta":{"_acf_changed":false,"inline_featured_image":false},"news_category":[],"class_list":["post-10541","news","type-news","status-publish","has-post-thumbnail","hentry"],"acf":{"story_content_blocks":[{"acf_fc_layout":"text","description":"<p>Cette ann\u00e9e, nous c\u00e9l\u00e9brons une \u00e9tape importante :<strong> 20 ans<\/strong> de l&rsquo;<strong>Appia de Nuova Simonelli. <\/strong>Depuis ses d\u00e9buts en 2005, Appia a r\u00e9volutionn\u00e9 la pr\u00e9paration du caf\u00e9 et des boissons \u00e0 base de lait dans le monde entier. Con\u00e7ue pour \u00eatre simple, fiable et constante, Appia a apport\u00e9 la pr\u00e9paration professionnelle du caf\u00e9 dans les caf\u00e9s, restaurants, h\u00f4tels et m\u00eame les coffee karts, rendant le caf\u00e9 accessible \u00e0 tous.<\/p>\n<p>Comme l&rsquo;ancienne voie romaine dont elle tire son nom, qui reliait les cultures et ouvrait de nouvelles routes, Appia est devenue un pont dans le monde du caf\u00e9. Avec plus de 625 000 machines vendues dans le monde, Appia a jou\u00e9 un r\u00f4le central dans la d\u00e9mocratisation de la pr\u00e9paration du caf\u00e9 de qualit\u00e9, devenant en Asie un symbole de simplicit\u00e9 et de performance.<\/p>\n"},{"acf_fc_layout":"images","gallery":[{"ID":10952,"id":10952,"title":"appia-20-years","filename":"appia-20-years.png","filesize":2938458,"url":"https:\/\/nuovasimonelli.com\/wp-content\/uploads\/sites\/2\/2025\/10\/appia-20-years.png","link":"https:\/\/nuovasimonelli.com\/fr\/news\/appia-fete-ses-20-ans-le-cafe-professionnel-a-la-portee-de-tous\/appia-20-years-2-2\/","alt":"","author":"7","description":"","caption":"","name":"appia-20-years-2-2","status":"inherit","uploaded_to":10541,"date":"2025-10-14 12:33:04","modified":"2025-10-14 12:33:11","menu_order":0,"mime_type":"image\/png","type":"image","subtype":"png","icon":"https:\/\/nuovasimonelli.com\/wp-includes\/images\/media\/default.png","width":1920,"height":1080,"sizes":{"thumbnail":"https:\/\/nuovasimonelli.com\/wp-content\/uploads\/sites\/2\/2025\/10\/appia-20-years-150x150.png","thumbnail-width":150,"thumbnail-height":150,"medium":"https:\/\/nuovasimonelli.com\/wp-content\/uploads\/sites\/2\/2025\/10\/appia-20-years-300x169.png","medium-width":300,"medium-height":169,"medium_large":"https:\/\/nuovasimonelli.com\/wp-content\/uploads\/sites\/2\/2025\/10\/appia-20-years-768x432.png","medium_large-width":768,"medium_large-height":432,"large":"https:\/\/nuovasimonelli.com\/wp-content\/uploads\/sites\/2\/2025\/10\/appia-20-years-1024x576.png","large-width":1024,"large-height":576,"1536x1536":"https:\/\/nuovasimonelli.com\/wp-content\/uploads\/sites\/2\/2025\/10\/appia-20-years-1536x864.png","1536x1536-width":1536,"1536x1536-height":864,"2048x2048":"https:\/\/nuovasimonelli.com\/wp-content\/uploads\/sites\/2\/2025\/10\/appia-20-years.png","2048x2048-width":1920,"2048x2048-height":1080}}]},{"acf_fc_layout":"text","description":"<p><strong>Qu&rsquo;est-ce qui rend Appia sp\u00e9ciale ?<\/strong><\/p>\n<ul>\n<li><strong>Facilit\u00e9 d&rsquo;utilisation<\/strong> : chaque d\u00e9tail est \u00e9tudi\u00e9 pour simplifier le travail du barista et faciliter la maintenance.<\/li>\n<li><strong>Constance dans chaque tasse :<\/strong> parce que tout le monde m\u00e9rite un excellent caf\u00e9, \u00e0 chaque fois.<\/li>\n<li><strong>Gamme large et polyvalente <\/strong>: des solutions qui s&rsquo;adaptent aux diff\u00e9rents espaces, volumes et niveaux de contr\u00f4le.<\/li>\n<\/ul>\n<p>Depuis 20 ans, Appia est plus qu&rsquo;une machine \u00e0 caf\u00e9 : c&rsquo;est un partenaire fiable pour les professionnels de l&rsquo;h\u00f4tellerie, qui les aide \u00e0 servir d&rsquo;excellents caf\u00e9s de mani\u00e8re simple et rapide.<\/p>\n"},{"acf_fc_layout":"text","description":"<p style=\"text-align: center;\"><strong>Rejoignez-nous \u00e0 HOST 2025, Hall 16 | Stand A11 &#8211; A19 &#8211; C12 &#8211; C20, pour c\u00e9l\u00e9brer le 20e anniversaire d&rsquo;Appia et d\u00e9couvrir toutes les nouvelles solutions que nous avons pr\u00e9par\u00e9es pour l&rsquo;avenir.<\/strong><\/p>\n"}],"story_preview_subtitle":"Nuova Simonelli c\u00e9l\u00e8bre les 20 ans d'un produit iconique : Appia","story_related_machines":[{"ID":10261,"post_author":"1","post_date":"2025-06-17 12:04:13","post_date_gmt":"2025-06-17 10:04:13","post_content":"","post_title":"Appia Life","post_excerpt":"","post_status":"publish","comment_status":"closed","ping_status":"closed","post_password":"","post_name":"appia-life-2","to_ping":"","pinged":"","post_modified":"2025-09-01 13:28:42","post_modified_gmt":"2025-09-01 11:28:42","post_content_filtered":"","post_parent":0,"guid":"https:\/\/nuovasimonelli.com\/machine\/appia-life-2\/","menu_order":0,"post_type":"machine","post_mime_type":"","comment_count":"0","filter":"raw"}]},"yoast_head":"<!-- This site is optimized with the Yoast SEO plugin v27.5 - https:\/\/yoast.com\/product\/yoast-seo-wordpress\/ -->\n<title>Appia f\u00eate ses 20 ans : le caf\u00e9 pro pour tous<\/title>\n<meta name=\"description\" content=\"Appia f\u00eate ses 20 ans : la machine iconique de Nuova Simonelli qui a rendu le caf\u00e9 professionnel accessible \u00e0 tous. D\u00e9couvrez les nouveaut\u00e9s de cet anniversaire.\" \/>\n<meta name=\"robots\" content=\"index, follow, max-snippet:-1, max-image-preview:large, max-video-preview:-1\" \/>\n<link rel=\"canonical\" href=\"https:\/\/nuovasimonelli.com\/fr\/news\/appia-fete-ses-20-ans-le-cafe-professionnel-a-la-portee-de-tous\/\" \/>\n<meta property=\"og:locale\" content=\"fr_FR\" \/>\n<meta property=\"og:type\" content=\"article\" \/>\n<meta property=\"og:title\" content=\"Appia f\u00eate ses 20 ans : le caf\u00e9 pro pour tous\" \/>\n<meta property=\"og:description\" content=\"Appia f\u00eate ses 20 ans : la machine iconique de Nuova Simonelli qui a rendu le caf\u00e9 professionnel accessible \u00e0 tous. D\u00e9couvrez les nouveaut\u00e9s de cet anniversaire.\" \/>\n<meta property=\"og:url\" content=\"https:\/\/nuovasimonelli.com\/fr\/news\/appia-fete-ses-20-ans-le-cafe-professionnel-a-la-portee-de-tous\/\" \/>\n<meta property=\"og:site_name\" content=\"Nuova Simonelli\" \/>\n<meta property=\"article:modified_time\" content=\"2025-12-04T15:26:30+00:00\" \/>\n<meta property=\"og:image\" content=\"https:\/\/nuovasimonelli.com\/wp-content\/uploads\/sites\/2\/2025\/10\/HappyBDay_Appia.png\" \/>\n\t<meta property=\"og:image:width\" content=\"1080\" \/>\n\t<meta property=\"og:image:height\" content=\"1080\" \/>\n\t<meta property=\"og:image:type\" content=\"image\/png\" \/>\n<meta name=\"twitter:card\" content=\"summary_large_image\" \/>\n<meta name=\"twitter:label1\" content=\"Dur\u00e9e de lecture estim\u00e9e\" \/>\n\t<meta name=\"twitter:data1\" content=\"1 minute\" \/>\n<script type=\"application\/ld+json\" class=\"yoast-schema-graph\">{\"@context\":\"https:\\\/\\\/schema.org\",\"@graph\":[{\"@type\":\"WebPage\",\"@id\":\"https:\\\/\\\/nuovasimonelli.com\\\/fr\\\/news\\\/appia-fete-ses-20-ans-le-cafe-professionnel-a-la-portee-de-tous\\\/\",\"url\":\"https:\\\/\\\/nuovasimonelli.com\\\/fr\\\/news\\\/appia-fete-ses-20-ans-le-cafe-professionnel-a-la-portee-de-tous\\\/\",\"name\":\"Appia f\u00eate ses 20 ans : le caf\u00e9 pro pour tous\",\"isPartOf\":{\"@id\":\"https:\\\/\\\/nuovasimonelli.com\\\/fr\\\/#website\"},\"primaryImageOfPage\":{\"@id\":\"https:\\\/\\\/nuovasimonelli.com\\\/fr\\\/news\\\/appia-fete-ses-20-ans-le-cafe-professionnel-a-la-portee-de-tous\\\/#primaryimage\"},\"image\":{\"@id\":\"https:\\\/\\\/nuovasimonelli.com\\\/fr\\\/news\\\/appia-fete-ses-20-ans-le-cafe-professionnel-a-la-portee-de-tous\\\/#primaryimage\"},\"thumbnailUrl\":\"https:\\\/\\\/nuovasimonelli.com\\\/wp-content\\\/uploads\\\/sites\\\/2\\\/2025\\\/10\\\/HappyBDay_Appia.png\",\"datePublished\":\"2025-10-08T11:48:11+00:00\",\"dateModified\":\"2025-12-04T15:26:30+00:00\",\"description\":\"Appia f\u00eate ses 20 ans : la machine iconique de Nuova Simonelli qui a rendu le caf\u00e9 professionnel accessible \u00e0 tous. D\u00e9couvrez les nouveaut\u00e9s de cet anniversaire.\",\"breadcrumb\":{\"@id\":\"https:\\\/\\\/nuovasimonelli.com\\\/fr\\\/news\\\/appia-fete-ses-20-ans-le-cafe-professionnel-a-la-portee-de-tous\\\/#breadcrumb\"},\"inLanguage\":\"fr-FR\",\"potentialAction\":[{\"@type\":\"ReadAction\",\"target\":[\"https:\\\/\\\/nuovasimonelli.com\\\/fr\\\/news\\\/appia-fete-ses-20-ans-le-cafe-professionnel-a-la-portee-de-tous\\\/\"]}]},{\"@type\":\"ImageObject\",\"inLanguage\":\"fr-FR\",\"@id\":\"https:\\\/\\\/nuovasimonelli.com\\\/fr\\\/news\\\/appia-fete-ses-20-ans-le-cafe-professionnel-a-la-portee-de-tous\\\/#primaryimage\",\"url\":\"https:\\\/\\\/nuovasimonelli.com\\\/wp-content\\\/uploads\\\/sites\\\/2\\\/2025\\\/10\\\/HappyBDay_Appia.png\",\"contentUrl\":\"https:\\\/\\\/nuovasimonelli.com\\\/wp-content\\\/uploads\\\/sites\\\/2\\\/2025\\\/10\\\/HappyBDay_Appia.png\",\"width\":1080,\"height\":1080},{\"@type\":\"BreadcrumbList\",\"@id\":\"https:\\\/\\\/nuovasimonelli.com\\\/fr\\\/news\\\/appia-fete-ses-20-ans-le-cafe-professionnel-a-la-portee-de-tous\\\/#breadcrumb\",\"itemListElement\":[{\"@type\":\"ListItem\",\"position\":1,\"name\":\"Home\",\"item\":\"https:\\\/\\\/nuovasimonelli.com\\\/fr\\\/\"},{\"@type\":\"ListItem\",\"position\":2,\"name\":\"News\",\"item\":\"https:\\\/\\\/nuovasimonelli.com\\\/fr\\\/news\\\/\"},{\"@type\":\"ListItem\",\"position\":3,\"name\":\"Appia f\u00eate ses 20 ans : le caf\u00e9 professionnel \u00e0 la port\u00e9e de tous\"}]},{\"@type\":\"WebSite\",\"@id\":\"https:\\\/\\\/nuovasimonelli.com\\\/fr\\\/#website\",\"url\":\"https:\\\/\\\/nuovasimonelli.com\\\/fr\\\/\",\"name\":\"Nuova Simonelli\",\"description\":\"\",\"potentialAction\":[{\"@type\":\"SearchAction\",\"target\":{\"@type\":\"EntryPoint\",\"urlTemplate\":\"https:\\\/\\\/nuovasimonelli.com\\\/fr\\\/?s={search_term_string}\"},\"query-input\":{\"@type\":\"PropertyValueSpecification\",\"valueRequired\":true,\"valueName\":\"search_term_string\"}}],\"inLanguage\":\"fr-FR\"}]}<\/script>\n<!-- \/ Yoast SEO plugin. -->","yoast_head_json":{"title":"Appia f\u00eate ses 20 ans : le caf\u00e9 pro pour tous","description":"Appia f\u00eate ses 20 ans : la machine iconique de Nuova Simonelli qui a rendu le caf\u00e9 professionnel accessible \u00e0 tous. D\u00e9couvrez les nouveaut\u00e9s de cet anniversaire.","robots":{"index":"index","follow":"follow","max-snippet":"max-snippet:-1","max-image-preview":"max-image-preview:large","max-video-preview":"max-video-preview:-1"},"canonical":"https:\/\/nuovasimonelli.com\/fr\/news\/appia-fete-ses-20-ans-le-cafe-professionnel-a-la-portee-de-tous\/","og_locale":"fr_FR","og_type":"article","og_title":"Appia f\u00eate ses 20 ans : le caf\u00e9 pro pour tous","og_description":"Appia f\u00eate ses 20 ans : la machine iconique de Nuova Simonelli qui a rendu le caf\u00e9 professionnel accessible \u00e0 tous. D\u00e9couvrez les nouveaut\u00e9s de cet anniversaire.","og_url":"https:\/\/nuovasimonelli.com\/fr\/news\/appia-fete-ses-20-ans-le-cafe-professionnel-a-la-portee-de-tous\/","og_site_name":"Nuova Simonelli","article_modified_time":"2025-12-04T15:26:30+00:00","og_image":[{"width":1080,"height":1080,"url":"https:\/\/nuovasimonelli.com\/wp-content\/uploads\/sites\/2\/2025\/10\/HappyBDay_Appia.png","type":"image\/png"}],"twitter_card":"summary_large_image","twitter_misc":{"Dur\u00e9e de lecture estim\u00e9e":"1 minute"},"schema":{"@context":"https:\/\/schema.org","@graph":[{"@type":"WebPage","@id":"https:\/\/nuovasimonelli.com\/fr\/news\/appia-fete-ses-20-ans-le-cafe-professionnel-a-la-portee-de-tous\/","url":"https:\/\/nuovasimonelli.com\/fr\/news\/appia-fete-ses-20-ans-le-cafe-professionnel-a-la-portee-de-tous\/","name":"Appia f\u00eate ses 20 ans : le caf\u00e9 pro pour tous","isPartOf":{"@id":"https:\/\/nuovasimonelli.com\/fr\/#website"},"primaryImageOfPage":{"@id":"https:\/\/nuovasimonelli.com\/fr\/news\/appia-fete-ses-20-ans-le-cafe-professionnel-a-la-portee-de-tous\/#primaryimage"},"image":{"@id":"https:\/\/nuovasimonelli.com\/fr\/news\/appia-fete-ses-20-ans-le-cafe-professionnel-a-la-portee-de-tous\/#primaryimage"},"thumbnailUrl":"https:\/\/nuovasimonelli.com\/wp-content\/uploads\/sites\/2\/2025\/10\/HappyBDay_Appia.png","datePublished":"2025-10-08T11:48:11+00:00","dateModified":"2025-12-04T15:26:30+00:00","description":"Appia f\u00eate ses 20 ans : la machine iconique de Nuova Simonelli qui a rendu le caf\u00e9 professionnel accessible \u00e0 tous. D\u00e9couvrez les nouveaut\u00e9s de cet anniversaire.","breadcrumb":{"@id":"https:\/\/nuovasimonelli.com\/fr\/news\/appia-fete-ses-20-ans-le-cafe-professionnel-a-la-portee-de-tous\/#breadcrumb"},"inLanguage":"fr-FR","potentialAction":[{"@type":"ReadAction","target":["https:\/\/nuovasimonelli.com\/fr\/news\/appia-fete-ses-20-ans-le-cafe-professionnel-a-la-portee-de-tous\/"]}]},{"@type":"ImageObject","inLanguage":"fr-FR","@id":"https:\/\/nuovasimonelli.com\/fr\/news\/appia-fete-ses-20-ans-le-cafe-professionnel-a-la-portee-de-tous\/#primaryimage","url":"https:\/\/nuovasimonelli.com\/wp-content\/uploads\/sites\/2\/2025\/10\/HappyBDay_Appia.png","contentUrl":"https:\/\/nuovasimonelli.com\/wp-content\/uploads\/sites\/2\/2025\/10\/HappyBDay_Appia.png","width":1080,"height":1080},{"@type":"BreadcrumbList","@id":"https:\/\/nuovasimonelli.com\/fr\/news\/appia-fete-ses-20-ans-le-cafe-professionnel-a-la-portee-de-tous\/#breadcrumb","itemListElement":[{"@type":"ListItem","position":1,"name":"Home","item":"https:\/\/nuovasimonelli.com\/fr\/"},{"@type":"ListItem","position":2,"name":"News","item":"https:\/\/nuovasimonelli.com\/fr\/news\/"},{"@type":"ListItem","position":3,"name":"Appia f\u00eate ses 20 ans : le caf\u00e9 professionnel \u00e0 la port\u00e9e de tous"}]},{"@type":"WebSite","@id":"https:\/\/nuovasimonelli.com\/fr\/#website","url":"https:\/\/nuovasimonelli.com\/fr\/","name":"Nuova Simonelli","description":"","potentialAction":[{"@type":"SearchAction","target":{"@type":"EntryPoint","urlTemplate":"https:\/\/nuovasimonelli.com\/fr\/?s={search_term_string}"},"query-input":{"@type":"PropertyValueSpecification","valueRequired":true,"valueName":"search_term_string"}}],"inLanguage":"fr-FR"}]}},"_links":{"self":[{"href":"https:\/\/nuovasimonelli.com\/fr\/wp-json\/wp\/v2\/news\/10541","targetHints":{"allow":["GET"]}}],"collection":[{"href":"https:\/\/nuovasimonelli.com\/fr\/wp-json\/wp\/v2\/news"}],"about":[{"href":"https:\/\/nuovasimonelli.com\/fr\/wp-json\/wp\/v2\/types\/news"}],"wp:featuredmedia":[{"embeddable":true,"href":"https:\/\/nuovasimonelli.com\/fr\/wp-json\/wp\/v2\/media\/10947"}],"wp:attachment":[{"href":"https:\/\/nuovasimonelli.com\/fr\/wp-json\/wp\/v2\/media?parent=10541"}],"wp:term":[{"taxonomy":"news_category","embeddable":true,"href":"https:\/\/nuovasimonelli.com\/fr\/wp-json\/wp\/v2\/news_category?post=10541"}],"curies":[{"name":"wp","href":"https:\/\/api.w.org\/{rel}","templated":true}]}}