{"id":8172,"date":"2022-06-17T17:58:20","date_gmt":"2022-06-17T15:58:20","guid":{"rendered":"https:\/\/nuovasimonelli.com\/news\/nuova-simonelli-en-world-of-coffee-milan-2022\/"},"modified":"2022-06-17T17:58:20","modified_gmt":"2022-06-17T15:58:20","slug":"nuova-simonelli-en-world-of-coffee-milan-2022","status":"publish","type":"news","link":"https:\/\/nuovasimonelli.com\/es\/news\/nuova-simonelli-en-world-of-coffee-milan-2022\/","title":{"rendered":"Nuova Simonelli en World of Coffee Mil\u00e1n 2022"},"featured_media":8173,"template":"","meta":{"_acf_changed":false,"inline_featured_image":false},"news_category":[],"class_list":["post-8172","news","type-news","status-publish","has-post-thumbnail","hentry"],"acf":{"story_content_blocks":[{"acf_fc_layout":"images","gallery":[{"ID":5491,"id":5491,"title":"NS-LK-cover-WOC","filename":"NS-LK-cover-WOC.png","filesize":141685,"url":"https:\/\/nuovasimonelli.com\/wp-content\/uploads\/sites\/2\/2022\/06\/NS-LK-cover-WOC.png","link":"https:\/\/nuovasimonelli.com\/es\/ns-lk-cover-woc\/","alt":"","author":"1","description":"","caption":"","name":"ns-lk-cover-woc","status":"inherit","uploaded_to":0,"date":"2022-06-17 16:24:52","modified":"2022-06-17 16:24:52","menu_order":0,"mime_type":"image\/png","type":"image","subtype":"png","icon":"https:\/\/nuovasimonelli.com\/wp-includes\/images\/media\/default.png","width":1128,"height":191,"sizes":{"thumbnail":"https:\/\/nuovasimonelli.com\/wp-content\/uploads\/sites\/2\/2022\/06\/NS-LK-cover-WOC-150x150.png","thumbnail-width":150,"thumbnail-height":150,"medium":"https:\/\/nuovasimonelli.com\/wp-content\/uploads\/sites\/2\/2022\/06\/NS-LK-cover-WOC-300x51.png","medium-width":300,"medium-height":51,"medium_large":"https:\/\/nuovasimonelli.com\/wp-content\/uploads\/sites\/2\/2022\/06\/NS-LK-cover-WOC-768x130.png","medium_large-width":768,"medium_large-height":130,"large":"https:\/\/nuovasimonelli.com\/wp-content\/uploads\/sites\/2\/2022\/06\/NS-LK-cover-WOC-1024x173.png","large-width":1024,"large-height":173,"1536x1536":"https:\/\/nuovasimonelli.com\/wp-content\/uploads\/sites\/2\/2022\/06\/NS-LK-cover-WOC.png","1536x1536-width":1128,"1536x1536-height":191,"2048x2048":"https:\/\/nuovasimonelli.com\/wp-content\/uploads\/sites\/2\/2022\/06\/NS-LK-cover-WOC.png","2048x2048-width":1128,"2048x2048-height":191}}]},{"acf_fc_layout":"text","description":"<p>Estaremos en World of Coffee Mil\u00e1n 2022 del 23 al 25 de junio, <strong>Pabell\u00f3n 3, stand D10<\/strong>.<\/p>\n<p>\u00a1Presentaremos novedades exclusivas del mundo Nuova Simonelli, ven a descubrirlas!<\/p>\n<p>S\u00edguenos en <strong><a href=\"https:\/\/www.instagram.com\/nuovasimonelliofficial\/\">@nuovasimonelliofficial<\/a><\/strong> para obtener m\u00e1s detalles.<\/p>\n"}]},"yoast_head":"<!-- This site is optimized with the Yoast SEO plugin v27.5 - https:\/\/yoast.com\/product\/yoast-seo-wordpress\/ -->\n<title>Nuova Simonelli en World of Coffee Mil\u00e1n 2022 - Nuova Simonelli<\/title>\n<meta name=\"description\" content=\"Estaremos en World of Coffee Mil\u00e1n 2022 del 23 al 25 de junio, Pabell\u00f3n 3, stand D10. \u00a1Presentaremos novedades exclusivas del mundo Nuova Simonelli,...\" \/>\n<meta name=\"robots\" content=\"index, follow, max-snippet:-1, max-image-preview:large, max-video-preview:-1\" \/>\n<link rel=\"canonical\" href=\"https:\/\/nuovasimonelli.com\/es\/news\/nuova-simonelli-en-world-of-coffee-milan-2022\/\" \/>\n<meta property=\"og:locale\" content=\"es_ES\" \/>\n<meta property=\"og:type\" content=\"article\" \/>\n<meta property=\"og:title\" content=\"Nuova Simonelli en World of Coffee Mil\u00e1n 2022 - Nuova Simonelli\" \/>\n<meta property=\"og:description\" content=\"Estaremos en World of Coffee Mil\u00e1n 2022 del 23 al 25 de junio, Pabell\u00f3n 3, stand D10. \u00a1Presentaremos novedades exclusivas del mundo Nuova Simonelli,...\" \/>\n<meta property=\"og:url\" content=\"https:\/\/nuovasimonelli.com\/es\/news\/nuova-simonelli-en-world-of-coffee-milan-2022\/\" \/>\n<meta property=\"og:site_name\" content=\"Nuova Simonelli\" \/>\n<meta property=\"og:image\" content=\"https:\/\/nuovasimonelli.com\/wp-content\/uploads\/sites\/2\/2022\/06\/nsofficial-presenza-woc.png\" \/>\n\t<meta property=\"og:image:width\" content=\"1080\" \/>\n\t<meta property=\"og:image:height\" content=\"1080\" \/>\n\t<meta property=\"og:image:type\" content=\"image\/png\" \/>\n<meta name=\"twitter:card\" content=\"summary_large_image\" \/>\n<script type=\"application\/ld+json\" class=\"yoast-schema-graph\">{\"@context\":\"https:\\\/\\\/schema.org\",\"@graph\":[{\"@type\":\"WebPage\",\"@id\":\"https:\\\/\\\/nuovasimonelli.com\\\/es\\\/news\\\/nuova-simonelli-en-world-of-coffee-milan-2022\\\/\",\"url\":\"https:\\\/\\\/nuovasimonelli.com\\\/es\\\/news\\\/nuova-simonelli-en-world-of-coffee-milan-2022\\\/\",\"name\":\"Nuova Simonelli en World of Coffee Mil\u00e1n 2022 - Nuova Simonelli\",\"isPartOf\":{\"@id\":\"https:\\\/\\\/nuovasimonelli.com\\\/es\\\/#website\"},\"primaryImageOfPage\":{\"@id\":\"https:\\\/\\\/nuovasimonelli.com\\\/es\\\/news\\\/nuova-simonelli-en-world-of-coffee-milan-2022\\\/#primaryimage\"},\"image\":{\"@id\":\"https:\\\/\\\/nuovasimonelli.com\\\/es\\\/news\\\/nuova-simonelli-en-world-of-coffee-milan-2022\\\/#primaryimage\"},\"thumbnailUrl\":\"https:\\\/\\\/nuovasimonelli.com\\\/wp-content\\\/uploads\\\/sites\\\/2\\\/2022\\\/06\\\/nsofficial-presenza-woc.png\",\"datePublished\":\"2022-06-17T15:58:20+00:00\",\"description\":\"Estaremos en World of Coffee Mil\u00e1n 2022 del 23 al 25 de junio, Pabell\u00f3n 3, stand D10. \u00a1Presentaremos novedades exclusivas del mundo Nuova Simonelli,...\",\"breadcrumb\":{\"@id\":\"https:\\\/\\\/nuovasimonelli.com\\\/es\\\/news\\\/nuova-simonelli-en-world-of-coffee-milan-2022\\\/#breadcrumb\"},\"inLanguage\":\"es\",\"potentialAction\":[{\"@type\":\"ReadAction\",\"target\":[\"https:\\\/\\\/nuovasimonelli.com\\\/es\\\/news\\\/nuova-simonelli-en-world-of-coffee-milan-2022\\\/\"]}]},{\"@type\":\"ImageObject\",\"inLanguage\":\"es\",\"@id\":\"https:\\\/\\\/nuovasimonelli.com\\\/es\\\/news\\\/nuova-simonelli-en-world-of-coffee-milan-2022\\\/#primaryimage\",\"url\":\"https:\\\/\\\/nuovasimonelli.com\\\/wp-content\\\/uploads\\\/sites\\\/2\\\/2022\\\/06\\\/nsofficial-presenza-woc.png\",\"contentUrl\":\"https:\\\/\\\/nuovasimonelli.com\\\/wp-content\\\/uploads\\\/sites\\\/2\\\/2022\\\/06\\\/nsofficial-presenza-woc.png\",\"width\":1080,\"height\":1080},{\"@type\":\"BreadcrumbList\",\"@id\":\"https:\\\/\\\/nuovasimonelli.com\\\/es\\\/news\\\/nuova-simonelli-en-world-of-coffee-milan-2022\\\/#breadcrumb\",\"itemListElement\":[{\"@type\":\"ListItem\",\"position\":1,\"name\":\"Home\",\"item\":\"https:\\\/\\\/nuovasimonelli.com\\\/es\\\/\"},{\"@type\":\"ListItem\",\"position\":2,\"name\":\"News\",\"item\":\"https:\\\/\\\/nuovasimonelli.com\\\/es\\\/news\\\/\"},{\"@type\":\"ListItem\",\"position\":3,\"name\":\"Nuova Simonelli en World of Coffee Mil\u00e1n 2022\"}]},{\"@type\":\"WebSite\",\"@id\":\"https:\\\/\\\/nuovasimonelli.com\\\/es\\\/#website\",\"url\":\"https:\\\/\\\/nuovasimonelli.com\\\/es\\\/\",\"name\":\"Nuova Simonelli\",\"description\":\"\",\"potentialAction\":[{\"@type\":\"SearchAction\",\"target\":{\"@type\":\"EntryPoint\",\"urlTemplate\":\"https:\\\/\\\/nuovasimonelli.com\\\/es\\\/?s={search_term_string}\"},\"query-input\":{\"@type\":\"PropertyValueSpecification\",\"valueRequired\":true,\"valueName\":\"search_term_string\"}}],\"inLanguage\":\"es\"}]}<\/script>\n<!-- \/ Yoast SEO plugin. -->","yoast_head_json":{"title":"Nuova Simonelli en World of Coffee Mil\u00e1n 2022 - Nuova Simonelli","description":"Estaremos en World of Coffee Mil\u00e1n 2022 del 23 al 25 de junio, Pabell\u00f3n 3, stand D10. \u00a1Presentaremos novedades exclusivas del mundo Nuova Simonelli,...","robots":{"index":"index","follow":"follow","max-snippet":"max-snippet:-1","max-image-preview":"max-image-preview:large","max-video-preview":"max-video-preview:-1"},"canonical":"https:\/\/nuovasimonelli.com\/es\/news\/nuova-simonelli-en-world-of-coffee-milan-2022\/","og_locale":"es_ES","og_type":"article","og_title":"Nuova Simonelli en World of Coffee Mil\u00e1n 2022 - Nuova Simonelli","og_description":"Estaremos en World of Coffee Mil\u00e1n 2022 del 23 al 25 de junio, Pabell\u00f3n 3, stand D10. \u00a1Presentaremos novedades exclusivas del mundo Nuova Simonelli,...","og_url":"https:\/\/nuovasimonelli.com\/es\/news\/nuova-simonelli-en-world-of-coffee-milan-2022\/","og_site_name":"Nuova Simonelli","og_image":[{"width":1080,"height":1080,"url":"https:\/\/nuovasimonelli.com\/wp-content\/uploads\/sites\/2\/2022\/06\/nsofficial-presenza-woc.png","type":"image\/png"}],"twitter_card":"summary_large_image","schema":{"@context":"https:\/\/schema.org","@graph":[{"@type":"WebPage","@id":"https:\/\/nuovasimonelli.com\/es\/news\/nuova-simonelli-en-world-of-coffee-milan-2022\/","url":"https:\/\/nuovasimonelli.com\/es\/news\/nuova-simonelli-en-world-of-coffee-milan-2022\/","name":"Nuova Simonelli en World of Coffee Mil\u00e1n 2022 - Nuova Simonelli","isPartOf":{"@id":"https:\/\/nuovasimonelli.com\/es\/#website"},"primaryImageOfPage":{"@id":"https:\/\/nuovasimonelli.com\/es\/news\/nuova-simonelli-en-world-of-coffee-milan-2022\/#primaryimage"},"image":{"@id":"https:\/\/nuovasimonelli.com\/es\/news\/nuova-simonelli-en-world-of-coffee-milan-2022\/#primaryimage"},"thumbnailUrl":"https:\/\/nuovasimonelli.com\/wp-content\/uploads\/sites\/2\/2022\/06\/nsofficial-presenza-woc.png","datePublished":"2022-06-17T15:58:20+00:00","description":"Estaremos en World of Coffee Mil\u00e1n 2022 del 23 al 25 de junio, Pabell\u00f3n 3, stand D10. \u00a1Presentaremos novedades exclusivas del mundo Nuova Simonelli,...","breadcrumb":{"@id":"https:\/\/nuovasimonelli.com\/es\/news\/nuova-simonelli-en-world-of-coffee-milan-2022\/#breadcrumb"},"inLanguage":"es","potentialAction":[{"@type":"ReadAction","target":["https:\/\/nuovasimonelli.com\/es\/news\/nuova-simonelli-en-world-of-coffee-milan-2022\/"]}]},{"@type":"ImageObject","inLanguage":"es","@id":"https:\/\/nuovasimonelli.com\/es\/news\/nuova-simonelli-en-world-of-coffee-milan-2022\/#primaryimage","url":"https:\/\/nuovasimonelli.com\/wp-content\/uploads\/sites\/2\/2022\/06\/nsofficial-presenza-woc.png","contentUrl":"https:\/\/nuovasimonelli.com\/wp-content\/uploads\/sites\/2\/2022\/06\/nsofficial-presenza-woc.png","width":1080,"height":1080},{"@type":"BreadcrumbList","@id":"https:\/\/nuovasimonelli.com\/es\/news\/nuova-simonelli-en-world-of-coffee-milan-2022\/#breadcrumb","itemListElement":[{"@type":"ListItem","position":1,"name":"Home","item":"https:\/\/nuovasimonelli.com\/es\/"},{"@type":"ListItem","position":2,"name":"News","item":"https:\/\/nuovasimonelli.com\/es\/news\/"},{"@type":"ListItem","position":3,"name":"Nuova Simonelli en World of Coffee Mil\u00e1n 2022"}]},{"@type":"WebSite","@id":"https:\/\/nuovasimonelli.com\/es\/#website","url":"https:\/\/nuovasimonelli.com\/es\/","name":"Nuova Simonelli","description":"","potentialAction":[{"@type":"SearchAction","target":{"@type":"EntryPoint","urlTemplate":"https:\/\/nuovasimonelli.com\/es\/?s={search_term_string}"},"query-input":{"@type":"PropertyValueSpecification","valueRequired":true,"valueName":"search_term_string"}}],"inLanguage":"es"}]}},"_links":{"self":[{"href":"https:\/\/nuovasimonelli.com\/es\/wp-json\/wp\/v2\/news\/8172","targetHints":{"allow":["GET"]}}],"collection":[{"href":"https:\/\/nuovasimonelli.com\/es\/wp-json\/wp\/v2\/news"}],"about":[{"href":"https:\/\/nuovasimonelli.com\/es\/wp-json\/wp\/v2\/types\/news"}],"wp:featuredmedia":[{"embeddable":true,"href":"https:\/\/nuovasimonelli.com\/es\/wp-json\/wp\/v2\/media\/8173"}],"wp:attachment":[{"href":"https:\/\/nuovasimonelli.com\/es\/wp-json\/wp\/v2\/media?parent=8172"}],"wp:term":[{"taxonomy":"news_category","embeddable":true,"href":"https:\/\/nuovasimonelli.com\/es\/wp-json\/wp\/v2\/news_category?post=8172"}],"curies":[{"name":"wp","href":"https:\/\/api.w.org\/{rel}","templated":true}]}}